{"id":4611,"date":"2022-08-30T19:04:48","date_gmt":"2022-08-30T17:04:48","guid":{"rendered":"https:\/\/pfadfinder-kirchzarten.de\/?p=4611"},"modified":"2022-08-30T19:04:48","modified_gmt":"2022-08-30T17:04:48","slug":"08-08-bis-16-08-sommerlager-pfadis","status":"publish","type":"post","link":"https:\/\/pfadfinder-kirchzarten.de\/index.php\/2022\/08\/30\/08-08-bis-16-08-sommerlager-pfadis\/","title":{"rendered":"08.08. bis 16.08. &#8211; SoLa Pfadis"},"content":{"rendered":"\n<p>F\u00fcr die Pfadfinderstufe unseres Stammes ging es in diesem Sommer in die Vogesen. Auf dem Lagerplatz La Schildmatt zelten wir eine Woche. In einer herrlichen Umgebung, wo sich Fuchs und Hase Gute Nacht sagen, wurde gelacht, gespielt, gebaut, gekocht, gewandert und gesungen. Die elf Jugendlichen bauten mithilfe des Leitungsteams einen gro\u00dfen Esstisch, eine Kochstelle, ein Volleyballnetz und zwei gro\u00dfe T\u00fcrme, die mit einer Br\u00fccke verbunden wurden. Das besondere an diesen Bauten ist, dass keine einige Schraube verwendet wird. Alle Verbindungen sind mit speziellen Knoten verbunden und \u00e4u\u00dferst bruchfest. Das Highlight des Lagers war f\u00fcr viele neben einer zweit\u00e4gigen \u00dcbernachtung ohne Leiterinnen und Leiter, sicherlich das traditionelle Pfadfinderversprechen am letzten Abend. Hierbei versprechen die jungen Pfadfinderinnen und Pfadfindern, dass sie zur Gruppe geh\u00f6ren wollen und erhalten ein gr\u00fcnes Halstuch.<br>Alle waren sich einig, dass dies eine der besten Wochen in diesem Sommer war. Bei dem ein oder der andern schwelen auch schon die Gedanken, wohin es im n\u00e4chsten Jahr gehen soll. Vielleicht mit den eigenen Kanus nach Skandinavien?<\/p>\n\n\n\n<figure class=\"wp-block-image size-large\"><img loading=\"lazy\" decoding=\"async\" width=\"1024\" height=\"683\" src=\"https:\/\/pfadfinder-kirchzarten.de\/wp-content\/uploads\/2022\/08\/SoLa_2022_Pfadis_2-1-1024x683.jpg\" alt=\"\" class=\"wp-image-4908\" srcset=\"https:\/\/pfadfinder-kirchzarten.de\/wp-content\/uploads\/2022\/08\/SoLa_2022_Pfadis_2-1-1024x683.jpg 1024w, https:\/\/pfadfinder-kirchzarten.de\/wp-content\/uploads\/2022\/08\/SoLa_2022_Pfadis_2-1-300x200.jpg 300w, https:\/\/pfadfinder-kirchzarten.de\/wp-content\/uploads\/2022\/08\/SoLa_2022_Pfadis_2-1-150x100.jpg 150w, https:\/\/pfadfinder-kirchzarten.de\/wp-content\/uploads\/2022\/08\/SoLa_2022_Pfadis_2-1-768x512.jpg 768w, https:\/\/pfadfinder-kirchzarten.de\/wp-content\/uploads\/2022\/08\/SoLa_2022_Pfadis_2-1.jpg 1224w\" sizes=\"auto, (max-width: 1024px) 100vw, 1024px\" \/><\/figure>\n\n\n\n<figure class=\"wp-block-image size-large\"><img loading=\"lazy\" decoding=\"async\" width=\"1024\" height=\"683\" src=\"https:\/\/pfadfinder-kirchzarten.de\/wp-content\/uploads\/2022\/08\/SoLa_2022_Pfadis_3-1024x683.jpg\" alt=\"\" class=\"wp-image-4909\" srcset=\"https:\/\/pfadfinder-kirchzarten.de\/wp-content\/uploads\/2022\/08\/SoLa_2022_Pfadis_3-1024x683.jpg 1024w, https:\/\/pfadfinder-kirchzarten.de\/wp-content\/uploads\/2022\/08\/SoLa_2022_Pfadis_3-300x200.jpg 300w, https:\/\/pfadfinder-kirchzarten.de\/wp-content\/uploads\/2022\/08\/SoLa_2022_Pfadis_3-150x100.jpg 150w, https:\/\/pfadfinder-kirchzarten.de\/wp-content\/uploads\/2022\/08\/SoLa_2022_Pfadis_3-768x512.jpg 768w, https:\/\/pfadfinder-kirchzarten.de\/wp-content\/uploads\/2022\/08\/SoLa_2022_Pfadis_3.jpg 1224w\" sizes=\"auto, (max-width: 1024px) 100vw, 1024px\" \/><\/figure>\n\n\n\n<figure class=\"wp-block-image size-large\"><img loading=\"lazy\" decoding=\"async\" width=\"1024\" height=\"683\" src=\"https:\/\/pfadfinder-kirchzarten.de\/wp-content\/uploads\/2022\/08\/SoLa_2022_Pfadis_4-1024x683.jpg\" alt=\"\" class=\"wp-image-4910\" srcset=\"https:\/\/pfadfinder-kirchzarten.de\/wp-content\/uploads\/2022\/08\/SoLa_2022_Pfadis_4-1024x683.jpg 1024w, https:\/\/pfadfinder-kirchzarten.de\/wp-content\/uploads\/2022\/08\/SoLa_2022_Pfadis_4-300x200.jpg 300w, https:\/\/pfadfinder-kirchzarten.de\/wp-content\/uploads\/2022\/08\/SoLa_2022_Pfadis_4-150x100.jpg 150w, https:\/\/pfadfinder-kirchzarten.de\/wp-content\/uploads\/2022\/08\/SoLa_2022_Pfadis_4-768x512.jpg 768w, https:\/\/pfadfinder-kirchzarten.de\/wp-content\/uploads\/2022\/08\/SoLa_2022_Pfadis_4.jpg 1224w\" sizes=\"auto, (max-width: 1024px) 100vw, 1024px\" \/><\/figure>\n","protected":false},"excerpt":{"rendered":"<p>F\u00fcr die Pfadfinderstufe unseres Stammes ging es in diesem Sommer in die Vogesen. Auf dem Lagerplatz La Schildmatt zelten wir eine Woche. In einer herrlichen Umgebung, wo sich Fuchs und Hase Gute Nacht sagen, wurde gelacht, gespielt, gebaut, gekocht, gewandert und gesungen. Die elf Jugendlichen bauten mithilfe des Leitungsteams einen gro\u00dfen Esstisch, eine Kochstelle, ein [&hellip;]<\/p>\n","protected":false},"author":3,"featured_media":4906,"comment_status":"open","ping_status":"closed","sticky":false,"template":"","format":"standard","meta":{"footnotes":""},"categories":[3],"tags":[4],"class_list":["post-4611","post","type-post","status-publish","format-standard","has-post-thumbnail","hentry","category-sommerlager","tag-gewesen"],"_links":{"self":[{"href":"https:\/\/pfadfinder-kirchzarten.de\/index.php\/wp-json\/wp\/v2\/posts\/4611","targetHints":{"allow":["GET"]}}],"collection":[{"href":"https:\/\/pfadfinder-kirchzarten.de\/index.php\/wp-json\/wp\/v2\/posts"}],"about":[{"href":"https:\/\/pfadfinder-kirchzarten.de\/index.php\/wp-json\/wp\/v2\/types\/post"}],"author":[{"embeddable":true,"href":"https:\/\/pfadfinder-kirchzarten.de\/index.php\/wp-json\/wp\/v2\/users\/3"}],"replies":[{"embeddable":true,"href":"https:\/\/pfadfinder-kirchzarten.de\/index.php\/wp-json\/wp\/v2\/comments?post=4611"}],"version-history":[{"count":5,"href":"https:\/\/pfadfinder-kirchzarten.de\/index.php\/wp-json\/wp\/v2\/posts\/4611\/revisions"}],"predecessor-version":[{"id":4913,"href":"https:\/\/pfadfinder-kirchzarten.de\/index.php\/wp-json\/wp\/v2\/posts\/4611\/revisions\/4913"}],"wp:featuredmedia":[{"embeddable":true,"href":"https:\/\/pfadfinder-kirchzarten.de\/index.php\/wp-json\/wp\/v2\/media\/4906"}],"wp:attachment":[{"href":"https:\/\/pfadfinder-kirchzarten.de\/index.php\/wp-json\/wp\/v2\/media?parent=4611"}],"wp:term":[{"taxonomy":"category","embeddable":true,"href":"https:\/\/pfadfinder-kirchzarten.de\/index.php\/wp-json\/wp\/v2\/categories?post=4611"},{"taxonomy":"post_tag","embeddable":true,"href":"https:\/\/pfadfinder-kirchzarten.de\/index.php\/wp-json\/wp\/v2\/tags?post=4611"}],"curies":[{"name":"wp","href":"https:\/\/api.w.org\/{rel}","templated":true}]}}