{"id":4959,"date":"2023-05-30T18:52:33","date_gmt":"2023-05-30T16:52:33","guid":{"rendered":"https:\/\/pfadfinder-kirchzarten.de\/?p=4959"},"modified":"2023-05-31T15:34:58","modified_gmt":"2023-05-31T13:34:58","slug":"12-05-2023-stammesversammlung","status":"publish","type":"post","link":"https:\/\/pfadfinder-kirchzarten.de\/index.php\/2023\/05\/30\/12-05-2023-stammesversammlung\/","title":{"rendered":"26.05.2023 &#8211; Stammesversammlung"},"content":{"rendered":"\n<p>Bei uns fand am vergangenen Freitag die Stammesversammlung im Gemeindehaus Kirchzarten statt. In einer kurzweiligen Veranstaltung wurde unter anderem unser langj\u00e4hriger Kurat Franz Himmelsbach in seine Pfadfinderrente verabschiedet. Franz, wir sind dir dankbar f\u00fcr deinen gro\u00dfartigen Einsatz, mit dem du dich all die Jahre bei uns engagiert hast. Du hast unsere Arbeit durch deine Talente und F\u00e4higkeiten jeden Tag bereichert.<\/p>\n\n\n\n<p>Neben diversen Berichten, Danksagungen und einem Jahresr\u00fcckblick der einzelnen Gruppen fand auch die Vorstandswahl statt. Zum neuen Vorstand der Pfadfinder Kirchzarten wurden Max Selter und Daniel Sch\u00f6ndorf auf drei Jahre gew\u00e4hlt. Wir gratulieren den beiden neuen Vorst\u00e4nden und bedanken uns bei allen Amtstr\u00e4gerinnen und Amtstr\u00e4gern, die in den vergangenen drei Jahren Aufgaben f\u00fcr unseren Pfadfinderstamm \u00fcbernommen haben.<\/p>\n\n\n\n<p>Allj\u00e4hrlich findet die Stammesversammlung statt: Die Versammlung w\u00e4hlt den Stammesvorstand (oder entlastet den amtierenden Vorstand), ber\u00e4t \u00fcber Antr\u00e4ge und Vorschl\u00e4ge und stimmt \u00fcber diese ab.<br>Dieses Jahr findet sie im Gemeindehaus Kirchzarten im Mariensaal statt.<\/p>\n\n\n\n<figure class=\"wp-block-image size-large\"><img loading=\"lazy\" decoding=\"async\" width=\"1024\" height=\"584\" src=\"https:\/\/pfadfinder-kirchzarten.de\/wp-content\/uploads\/2022\/01\/Stammesversammlung_2023-1024x584.png\" alt=\"\" class=\"wp-image-5191\" srcset=\"https:\/\/pfadfinder-kirchzarten.de\/wp-content\/uploads\/2022\/01\/Stammesversammlung_2023-1024x584.png 1024w, https:\/\/pfadfinder-kirchzarten.de\/wp-content\/uploads\/2022\/01\/Stammesversammlung_2023-300x171.png 300w, https:\/\/pfadfinder-kirchzarten.de\/wp-content\/uploads\/2022\/01\/Stammesversammlung_2023-150x86.png 150w, https:\/\/pfadfinder-kirchzarten.de\/wp-content\/uploads\/2022\/01\/Stammesversammlung_2023-768x438.png 768w, https:\/\/pfadfinder-kirchzarten.de\/wp-content\/uploads\/2022\/01\/Stammesversammlung_2023.png 1202w\" sizes=\"auto, (max-width: 1024px) 100vw, 1024px\" \/><\/figure>\n","protected":false},"excerpt":{"rendered":"<p>Bei uns fand am vergangenen Freitag die Stammesversammlung im Gemeindehaus Kirchzarten statt. In einer kurzweiligen Veranstaltung wurde unter anderem unser langj\u00e4hriger Kurat Franz Himmelsbach in seine Pfadfinderrente verabschiedet. Franz, wir sind dir dankbar f\u00fcr deinen gro\u00dfartigen Einsatz, mit dem du dich all die Jahre bei uns engagiert hast. Du hast unsere Arbeit durch deine Talente [&hellip;]<\/p>\n","protected":false},"author":3,"featured_media":5250,"comment_status":"open","ping_status":"closed","sticky":false,"template":"","format":"standard","meta":{"footnotes":""},"categories":[1],"tags":[4],"class_list":["post-4959","post","type-post","status-publish","format-standard","has-post-thumbnail","hentry","category-sonstiges","tag-gewesen"],"_links":{"self":[{"href":"https:\/\/pfadfinder-kirchzarten.de\/index.php\/wp-json\/wp\/v2\/posts\/4959","targetHints":{"allow":["GET"]}}],"collection":[{"href":"https:\/\/pfadfinder-kirchzarten.de\/index.php\/wp-json\/wp\/v2\/posts"}],"about":[{"href":"https:\/\/pfadfinder-kirchzarten.de\/index.php\/wp-json\/wp\/v2\/types\/post"}],"author":[{"embeddable":true,"href":"https:\/\/pfadfinder-kirchzarten.de\/index.php\/wp-json\/wp\/v2\/users\/3"}],"replies":[{"embeddable":true,"href":"https:\/\/pfadfinder-kirchzarten.de\/index.php\/wp-json\/wp\/v2\/comments?post=4959"}],"version-history":[{"count":5,"href":"https:\/\/pfadfinder-kirchzarten.de\/index.php\/wp-json\/wp\/v2\/posts\/4959\/revisions"}],"predecessor-version":[{"id":5251,"href":"https:\/\/pfadfinder-kirchzarten.de\/index.php\/wp-json\/wp\/v2\/posts\/4959\/revisions\/5251"}],"wp:featuredmedia":[{"embeddable":true,"href":"https:\/\/pfadfinder-kirchzarten.de\/index.php\/wp-json\/wp\/v2\/media\/5250"}],"wp:attachment":[{"href":"https:\/\/pfadfinder-kirchzarten.de\/index.php\/wp-json\/wp\/v2\/media?parent=4959"}],"wp:term":[{"taxonomy":"category","embeddable":true,"href":"https:\/\/pfadfinder-kirchzarten.de\/index.php\/wp-json\/wp\/v2\/categories?post=4959"},{"taxonomy":"post_tag","embeddable":true,"href":"https:\/\/pfadfinder-kirchzarten.de\/index.php\/wp-json\/wp\/v2\/tags?post=4959"}],"curies":[{"name":"wp","href":"https:\/\/api.w.org\/{rel}","templated":true}]}}