{"id":4965,"date":"2023-08-06T22:27:24","date_gmt":"2023-08-06T20:27:24","guid":{"rendered":"https:\/\/pfadfinder-kirchzarten.de\/?p=4965"},"modified":"2023-08-06T22:27:24","modified_gmt":"2023-08-06T20:27:24","slug":"05-bis-12-08-2023-sola-woes-jupfis","status":"publish","type":"post","link":"https:\/\/pfadfinder-kirchzarten.de\/index.php\/2023\/08\/06\/05-bis-12-08-2023-sola-woes-jupfis\/","title":{"rendered":"29.07. bis 05.08.2023 &#8211; SoLa W\u00f6s &#038; Jupfis"},"content":{"rendered":"\n<p>Unser diesj\u00e4hriges W\u00f6lflings- und Jungpfadfinderlager haben wir auf einem Zeltplatz in Schw\u00f6rstadt am Rhein verbracht.<\/p>\n\n\n\n<p>Die Jupfis reisten am Sonntag an und bauten sich aus selbst gef\u00e4llten St\u00e4mmen Tische und Herde, auf denen die Woche \u00fcber auf dem Feuer gekocht wurde. Highlight war wie jedes Jahr der zweit\u00e4gige Hike, bei dem die Jupfis selbstst\u00e4ndig zu einer Grillh\u00fctte in Hasel gewandert sind und dort, mit den LeiterInnen in der N\u00e4he, \u00fcbernachtet haben. Auch ein Ausflug ins Schwimmbad, Workshops zum Lagermotto \u201eL\u00e4nder\u201c und ein gro\u00dfes Gel\u00e4ndespiel machten die Woche unvergesslich. Es war sch\u00f6n, nach der Trockenheit im letzten Sommer, wieder gemeinsam am Lagerfeuer sitzen zu k\u00f6nnen und zu singen.<\/p>\n\n\n\n<p>Auch die am Mittwoch angereisten W\u00f6lflinge schliefen dieses Jahr in Zelten. Sie unternahmen eine Wanderung zur Ruine B\u00e4renfels, machten Workshops und spielten gemeinsam mit den Jupfis das gro\u00dfe Gel\u00e4ndespiel, bei dem es die Aufgabe war, sich als w\u00fcrdige Erben eines gro\u00dfen Abenteurers und seines Schatzes zu beweisen. Feierlicher Abschluss des Lagers war der Versprechensabend, bei dem vier W\u00f6lflinge, vier Jupfis und eine Leiterin ihr Versprechen ablegten. Au\u00dferdem fand die erste Woodbadge-Ernennung in unserem Stamm statt.<\/p>\n\n\n\n<p>Alles in allem war es ein sehr sch\u00f6nes Lager, aus dem alle viele besondere Erinnerungen mitnehmen werden.<\/p>\n\n\n\n<figure class=\"wp-block-image size-large\"><img loading=\"lazy\" decoding=\"async\" width=\"1024\" height=\"768\" src=\"https:\/\/pfadfinder-kirchzarten.de\/wp-content\/uploads\/2022\/01\/2023_SoLa_Woes_Jupfis_2-1024x768.jpeg\" alt=\"\" class=\"wp-image-5337\" srcset=\"https:\/\/pfadfinder-kirchzarten.de\/wp-content\/uploads\/2022\/01\/2023_SoLa_Woes_Jupfis_2-1024x768.jpeg 1024w, https:\/\/pfadfinder-kirchzarten.de\/wp-content\/uploads\/2022\/01\/2023_SoLa_Woes_Jupfis_2-300x225.jpeg 300w, https:\/\/pfadfinder-kirchzarten.de\/wp-content\/uploads\/2022\/01\/2023_SoLa_Woes_Jupfis_2-150x113.jpeg 150w, https:\/\/pfadfinder-kirchzarten.de\/wp-content\/uploads\/2022\/01\/2023_SoLa_Woes_Jupfis_2-768x576.jpeg 768w, https:\/\/pfadfinder-kirchzarten.de\/wp-content\/uploads\/2022\/01\/2023_SoLa_Woes_Jupfis_2-1536x1152.jpeg 1536w, https:\/\/pfadfinder-kirchzarten.de\/wp-content\/uploads\/2022\/01\/2023_SoLa_Woes_Jupfis_2.jpeg 2048w\" sizes=\"auto, (max-width: 1024px) 100vw, 1024px\" \/><\/figure>\n\n\n\n<figure class=\"wp-block-image size-large\"><img loading=\"lazy\" decoding=\"async\" width=\"1024\" height=\"768\" src=\"https:\/\/pfadfinder-kirchzarten.de\/wp-content\/uploads\/2022\/01\/2023_SoLa_Woes_Jupfis_3-1024x768.jpeg\" alt=\"\" class=\"wp-image-5338\" srcset=\"https:\/\/pfadfinder-kirchzarten.de\/wp-content\/uploads\/2022\/01\/2023_SoLa_Woes_Jupfis_3-1024x768.jpeg 1024w, https:\/\/pfadfinder-kirchzarten.de\/wp-content\/uploads\/2022\/01\/2023_SoLa_Woes_Jupfis_3-300x225.jpeg 300w, https:\/\/pfadfinder-kirchzarten.de\/wp-content\/uploads\/2022\/01\/2023_SoLa_Woes_Jupfis_3-150x113.jpeg 150w, https:\/\/pfadfinder-kirchzarten.de\/wp-content\/uploads\/2022\/01\/2023_SoLa_Woes_Jupfis_3-768x576.jpeg 768w, https:\/\/pfadfinder-kirchzarten.de\/wp-content\/uploads\/2022\/01\/2023_SoLa_Woes_Jupfis_3-1536x1152.jpeg 1536w, https:\/\/pfadfinder-kirchzarten.de\/wp-content\/uploads\/2022\/01\/2023_SoLa_Woes_Jupfis_3.jpeg 1600w\" sizes=\"auto, (max-width: 1024px) 100vw, 1024px\" \/><\/figure>\n\n\n\n<figure class=\"wp-block-image size-large\"><img loading=\"lazy\" decoding=\"async\" width=\"1024\" height=\"768\" src=\"https:\/\/pfadfinder-kirchzarten.de\/wp-content\/uploads\/2022\/01\/2023_SoLa_Woes_Jupfis_4-1024x768.jpeg\" alt=\"\" class=\"wp-image-5339\" srcset=\"https:\/\/pfadfinder-kirchzarten.de\/wp-content\/uploads\/2022\/01\/2023_SoLa_Woes_Jupfis_4-1024x768.jpeg 1024w, https:\/\/pfadfinder-kirchzarten.de\/wp-content\/uploads\/2022\/01\/2023_SoLa_Woes_Jupfis_4-300x225.jpeg 300w, https:\/\/pfadfinder-kirchzarten.de\/wp-content\/uploads\/2022\/01\/2023_SoLa_Woes_Jupfis_4-150x113.jpeg 150w, https:\/\/pfadfinder-kirchzarten.de\/wp-content\/uploads\/2022\/01\/2023_SoLa_Woes_Jupfis_4-768x576.jpeg 768w, https:\/\/pfadfinder-kirchzarten.de\/wp-content\/uploads\/2022\/01\/2023_SoLa_Woes_Jupfis_4-1536x1152.jpeg 1536w, https:\/\/pfadfinder-kirchzarten.de\/wp-content\/uploads\/2022\/01\/2023_SoLa_Woes_Jupfis_4.jpeg 1600w\" sizes=\"auto, (max-width: 1024px) 100vw, 1024px\" \/><\/figure>\n\n\n\n<figure class=\"wp-block-image size-large\"><img loading=\"lazy\" decoding=\"async\" width=\"1024\" height=\"768\" src=\"https:\/\/pfadfinder-kirchzarten.de\/wp-content\/uploads\/2022\/01\/2023_SoLa_Woes_Jupfis_5-1024x768.jpeg\" alt=\"\" class=\"wp-image-5340\" srcset=\"https:\/\/pfadfinder-kirchzarten.de\/wp-content\/uploads\/2022\/01\/2023_SoLa_Woes_Jupfis_5-1024x768.jpeg 1024w, https:\/\/pfadfinder-kirchzarten.de\/wp-content\/uploads\/2022\/01\/2023_SoLa_Woes_Jupfis_5-300x225.jpeg 300w, https:\/\/pfadfinder-kirchzarten.de\/wp-content\/uploads\/2022\/01\/2023_SoLa_Woes_Jupfis_5-150x113.jpeg 150w, https:\/\/pfadfinder-kirchzarten.de\/wp-content\/uploads\/2022\/01\/2023_SoLa_Woes_Jupfis_5-768x576.jpeg 768w, https:\/\/pfadfinder-kirchzarten.de\/wp-content\/uploads\/2022\/01\/2023_SoLa_Woes_Jupfis_5-1536x1152.jpeg 1536w, https:\/\/pfadfinder-kirchzarten.de\/wp-content\/uploads\/2022\/01\/2023_SoLa_Woes_Jupfis_5.jpeg 1600w\" sizes=\"auto, (max-width: 1024px) 100vw, 1024px\" \/><\/figure>\n\n\n\n<p>W\u00f6lager: 02.08. &#8211; 05.08.<br>Jupfilager: 29.07. &#8211; 05.08.<\/p>\n\n\n\n<p>Die W\u00f6lflinge und Jungpfadfinder verbringen das Sommerlager meist nebeneinander auf dem selben Platz. W\u00e4hrend die W\u00f6s normalerweise in einer H\u00fctte schlafen, zelten die Jupfis auf einer Wiese daneben. <\/p>\n","protected":false},"excerpt":{"rendered":"<p>Unser diesj\u00e4hriges W\u00f6lflings- und Jungpfadfinderlager haben wir auf einem Zeltplatz in Schw\u00f6rstadt am Rhein verbracht. Die Jupfis reisten am Sonntag an und bauten sich aus selbst gef\u00e4llten St\u00e4mmen Tische und Herde, auf denen die Woche \u00fcber auf dem Feuer gekocht wurde. Highlight war wie jedes Jahr der zweit\u00e4gige Hike, bei dem die Jupfis selbstst\u00e4ndig zu [&hellip;]<\/p>\n","protected":false},"author":3,"featured_media":5336,"comment_status":"open","ping_status":"closed","sticky":false,"template":"","format":"standard","meta":{"footnotes":""},"categories":[3],"tags":[4],"class_list":["post-4965","post","type-post","status-publish","format-standard","has-post-thumbnail","hentry","category-sommerlager","tag-gewesen"],"_links":{"self":[{"href":"https:\/\/pfadfinder-kirchzarten.de\/index.php\/wp-json\/wp\/v2\/posts\/4965","targetHints":{"allow":["GET"]}}],"collection":[{"href":"https:\/\/pfadfinder-kirchzarten.de\/index.php\/wp-json\/wp\/v2\/posts"}],"about":[{"href":"https:\/\/pfadfinder-kirchzarten.de\/index.php\/wp-json\/wp\/v2\/types\/post"}],"author":[{"embeddable":true,"href":"https:\/\/pfadfinder-kirchzarten.de\/index.php\/wp-json\/wp\/v2\/users\/3"}],"replies":[{"embeddable":true,"href":"https:\/\/pfadfinder-kirchzarten.de\/index.php\/wp-json\/wp\/v2\/comments?post=4965"}],"version-history":[{"count":5,"href":"https:\/\/pfadfinder-kirchzarten.de\/index.php\/wp-json\/wp\/v2\/posts\/4965\/revisions"}],"predecessor-version":[{"id":5341,"href":"https:\/\/pfadfinder-kirchzarten.de\/index.php\/wp-json\/wp\/v2\/posts\/4965\/revisions\/5341"}],"wp:featuredmedia":[{"embeddable":true,"href":"https:\/\/pfadfinder-kirchzarten.de\/index.php\/wp-json\/wp\/v2\/media\/5336"}],"wp:attachment":[{"href":"https:\/\/pfadfinder-kirchzarten.de\/index.php\/wp-json\/wp\/v2\/media?parent=4965"}],"wp:term":[{"taxonomy":"category","embeddable":true,"href":"https:\/\/pfadfinder-kirchzarten.de\/index.php\/wp-json\/wp\/v2\/categories?post=4965"},{"taxonomy":"post_tag","embeddable":true,"href":"https:\/\/pfadfinder-kirchzarten.de\/index.php\/wp-json\/wp\/v2\/tags?post=4965"}],"curies":[{"name":"wp","href":"https:\/\/api.w.org\/{rel}","templated":true}]}}