{"id":4969,"date":"2023-10-01T19:00:24","date_gmt":"2023-10-01T17:00:24","guid":{"rendered":"https:\/\/pfadfinder-kirchzarten.de\/?p=4969"},"modified":"2023-10-01T19:00:24","modified_gmt":"2023-10-01T17:00:24","slug":"08-2023-sola-rovis","status":"publish","type":"post","link":"https:\/\/pfadfinder-kirchzarten.de\/index.php\/2023\/10\/01\/08-2023-sola-rovis\/","title":{"rendered":"29.08. bis 06.09.2023 &#8211; SoLa Rovis"},"content":{"rendered":"\n<p>F\u00fcr zehn Mitglieder der Rover- und Leitungsrunde ging es im Sommer an die franz\u00f6sisch-spanische Grenze in die Pyren\u00e4en. In einer Woche in den Bergen und zwei Tagen am Meer kamen neben Austausch, Reflexion und Weiterbildung auch Gemeinschaft und Abenteuer nicht zu kurz. Nachdem wir von Hospitalet-pr\u00e8s-l\u00b4Andorre aus in die Berge gestiegen waren, suchten wir uns einen wundersch\u00f6nen Platz mit atemberaubender Aussicht an einem See (auch bekannt als die Quelle der ewigen Jugend) auf 2400 m H\u00f6he. Von hier aus wurden in kleineren Gruppen Tagestouren unternommen wurden, beispielsweise zum Puig Carlit, einer der h\u00f6chsten Berge der Pyren\u00e4en oder auf den Puig des B\u00e9sineilles, wo sich ein paar Mutige sogar in den Schnee legten\u2026 Abends kamen alle wieder zusammen und berichteten unter klarem Sternenhimmel und dick eingepackt gegen die K\u00e4lte von ihren Erlebnissen.<br>Nachdem wir in den Pyren\u00e4en fast t\u00e4glich in eiskalten Bergb\u00e4chen gebadet hatten, konnten wir uns zum Ende unserer Reise in die Wogen des angenehm warmen Mittelmeers st\u00fcrzen. Dort haben wir die anstrengenden und lehrreichen, aber wirklich sch\u00f6nen Tage in den Bergen ausklingen lassen, die gemeinsamen Erlebnisse r\u00fcckblickend betrachtet und die epischste Sandburg der Stammesgeschichte gebaut.<\/p>\n\n\n\n<p>Die gemeinsame Zeit hat uns allen wieder vor Augen gef\u00fchrt, wie sch\u00f6n es ist, in unserer Gruppe unterwegs zu sein und in der Natur Abenteuer zu erleben. Neben ganz vielen sch\u00f6nen pers\u00f6nlichen Erinnnerungen nehmen wir eine gute Portion Motivation mit und starten jetzt mit vielen Ideen in das neue Pfadijahr!<\/p>\n\n\n\n<figure class=\"wp-block-image size-large\"><img loading=\"lazy\" decoding=\"async\" width=\"1024\" height=\"768\" src=\"https:\/\/pfadfinder-kirchzarten.de\/wp-content\/uploads\/2023\/10\/signal-2023-09-26-182747_007-1024x768.jpeg\" alt=\"\" class=\"wp-image-5368\" srcset=\"https:\/\/pfadfinder-kirchzarten.de\/wp-content\/uploads\/2023\/10\/signal-2023-09-26-182747_007-1024x768.jpeg 1024w, https:\/\/pfadfinder-kirchzarten.de\/wp-content\/uploads\/2023\/10\/signal-2023-09-26-182747_007-300x225.jpeg 300w, https:\/\/pfadfinder-kirchzarten.de\/wp-content\/uploads\/2023\/10\/signal-2023-09-26-182747_007-150x113.jpeg 150w, https:\/\/pfadfinder-kirchzarten.de\/wp-content\/uploads\/2023\/10\/signal-2023-09-26-182747_007-768x576.jpeg 768w, https:\/\/pfadfinder-kirchzarten.de\/wp-content\/uploads\/2023\/10\/signal-2023-09-26-182747_007-1536x1152.jpeg 1536w, https:\/\/pfadfinder-kirchzarten.de\/wp-content\/uploads\/2023\/10\/signal-2023-09-26-182747_007.jpeg 2048w\" sizes=\"auto, (max-width: 1024px) 100vw, 1024px\" \/><\/figure>\n\n\n\n<figure class=\"wp-block-gallery has-nested-images columns-default is-cropped wp-block-gallery-1 is-layout-flex wp-block-gallery-is-layout-flex\">\n<figure class=\"wp-block-image size-large\"><img loading=\"lazy\" decoding=\"async\" width=\"1024\" height=\"768\" data-id=\"5370\" src=\"https:\/\/pfadfinder-kirchzarten.de\/wp-content\/uploads\/2022\/01\/signal-2023-09-26-182747_008-1024x768.jpeg\" alt=\"\" class=\"wp-image-5370\" srcset=\"https:\/\/pfadfinder-kirchzarten.de\/wp-content\/uploads\/2022\/01\/signal-2023-09-26-182747_008-1024x768.jpeg 1024w, https:\/\/pfadfinder-kirchzarten.de\/wp-content\/uploads\/2022\/01\/signal-2023-09-26-182747_008-300x225.jpeg 300w, https:\/\/pfadfinder-kirchzarten.de\/wp-content\/uploads\/2022\/01\/signal-2023-09-26-182747_008-150x113.jpeg 150w, https:\/\/pfadfinder-kirchzarten.de\/wp-content\/uploads\/2022\/01\/signal-2023-09-26-182747_008-768x576.jpeg 768w, https:\/\/pfadfinder-kirchzarten.de\/wp-content\/uploads\/2022\/01\/signal-2023-09-26-182747_008-1536x1152.jpeg 1536w, https:\/\/pfadfinder-kirchzarten.de\/wp-content\/uploads\/2022\/01\/signal-2023-09-26-182747_008.jpeg 2048w\" sizes=\"auto, (max-width: 1024px) 100vw, 1024px\" \/><\/figure>\n<\/figure>\n","protected":false},"excerpt":{"rendered":"<p>F\u00fcr zehn Mitglieder der Rover- und Leitungsrunde ging es im Sommer an die franz\u00f6sisch-spanische Grenze in die Pyren\u00e4en. In einer Woche in den Bergen und zwei Tagen am Meer kamen neben Austausch, Reflexion und Weiterbildung auch Gemeinschaft und Abenteuer nicht zu kurz. Nachdem wir von Hospitalet-pr\u00e8s-l\u00b4Andorre aus in die Berge gestiegen waren, suchten wir uns [&hellip;]<\/p>\n","protected":false},"author":3,"featured_media":5369,"comment_status":"open","ping_status":"closed","sticky":false,"template":"","format":"standard","meta":{"footnotes":""},"categories":[3],"tags":[4],"class_list":["post-4969","post","type-post","status-publish","format-standard","has-post-thumbnail","hentry","category-sommerlager","tag-gewesen"],"_links":{"self":[{"href":"https:\/\/pfadfinder-kirchzarten.de\/index.php\/wp-json\/wp\/v2\/posts\/4969","targetHints":{"allow":["GET"]}}],"collection":[{"href":"https:\/\/pfadfinder-kirchzarten.de\/index.php\/wp-json\/wp\/v2\/posts"}],"about":[{"href":"https:\/\/pfadfinder-kirchzarten.de\/index.php\/wp-json\/wp\/v2\/types\/post"}],"author":[{"embeddable":true,"href":"https:\/\/pfadfinder-kirchzarten.de\/index.php\/wp-json\/wp\/v2\/users\/3"}],"replies":[{"embeddable":true,"href":"https:\/\/pfadfinder-kirchzarten.de\/index.php\/wp-json\/wp\/v2\/comments?post=4969"}],"version-history":[{"count":4,"href":"https:\/\/pfadfinder-kirchzarten.de\/index.php\/wp-json\/wp\/v2\/posts\/4969\/revisions"}],"predecessor-version":[{"id":5371,"href":"https:\/\/pfadfinder-kirchzarten.de\/index.php\/wp-json\/wp\/v2\/posts\/4969\/revisions\/5371"}],"wp:featuredmedia":[{"embeddable":true,"href":"https:\/\/pfadfinder-kirchzarten.de\/index.php\/wp-json\/wp\/v2\/media\/5369"}],"wp:attachment":[{"href":"https:\/\/pfadfinder-kirchzarten.de\/index.php\/wp-json\/wp\/v2\/media?parent=4969"}],"wp:term":[{"taxonomy":"category","embeddable":true,"href":"https:\/\/pfadfinder-kirchzarten.de\/index.php\/wp-json\/wp\/v2\/categories?post=4969"},{"taxonomy":"post_tag","embeddable":true,"href":"https:\/\/pfadfinder-kirchzarten.de\/index.php\/wp-json\/wp\/v2\/tags?post=4969"}],"curies":[{"name":"wp","href":"https:\/\/api.w.org\/{rel}","templated":true}]}}