{"id":4973,"date":"2023-10-12T16:36:52","date_gmt":"2023-10-12T14:36:52","guid":{"rendered":"https:\/\/pfadfinder-kirchzarten.de\/?p=4973"},"modified":"2023-11-17T11:35:20","modified_gmt":"2023-11-17T10:35:20","slug":"06-bis-08-10-2023-stufenwechselwochenende","status":"publish","type":"post","link":"https:\/\/pfadfinder-kirchzarten.de\/index.php\/2023\/10\/12\/06-bis-08-10-2023-stufenwechselwochenende\/","title":{"rendered":"06. bis 08.10.2023 &#8211; Stufenwechselwochenende"},"content":{"rendered":"\n<p>Vom 6.-8.10. fand unser diesj\u00e4hriges Stufenwechselwochenende im Naturfreundehaus Feldberg statt.<br>Am Freitag begann das Wochenende, bei dem der ganze Stamm dabei war, mit einer Nachtwanderung \u00fcber den Feldberg. Am Samstagvormittag gab es verschiedene Workshops, es wurden T-Shirts bemalt, Abzeichen gestaltet und Pinatas gebastelt. Am Nachmittag wurde dann bei einem gro\u00dfen Gel\u00e4ndespiel der r\u00e4tselhafte Mord am Pfadfindergr\u00fcnder Baden-Powell aufgekl\u00e4rt (der Mord wurde zu Spielzwecken erfunden, B.P. Starb eigentlich eines nat\u00fcrlichen Todes). Am Abend wechselte feierlich ein W\u00f6lfling zu den Jupfis und ein Pfadi und ein Rover legten ihr Versprechen ab. Nach ereignisreichen Tagen wurde das Wochenende am Sonntag mit einem Spiel und dem gemeinsamen Aufr\u00e4umen abgeschlossen, wobei alle mit anpackten. Insgesamt war es ein sehr sch\u00f6nes und aufregendes Wochenende und die Vorfreude auf den n\u00e4chsten Stufenwechsel ist schon wieder gro\u00df!!<\/p>\n\n\n\n<p>Das Stufenwechselwochenende ist eine Aktion des Stammes, welche wir traditionell alle gemeinsam in einer H\u00fctte verbringen. Wie der Name schon verr\u00e4t, wird hierbei der Stufenwechsel durchgef\u00fchrt, die \u00e4ltesten Kinder aus den Trupps wechseln in die n\u00e4chsth\u00f6here Altersstufe.<\/p>\n\n\n\n<figure class=\"wp-block-image size-large\"><img loading=\"lazy\" decoding=\"async\" width=\"796\" height=\"1024\" src=\"https:\/\/pfadfinder-kirchzarten.de\/wp-content\/uploads\/2023\/10\/2023_Stufenwechsel_2-796x1024.jpeg\" alt=\"\" class=\"wp-image-5424\" srcset=\"https:\/\/pfadfinder-kirchzarten.de\/wp-content\/uploads\/2023\/10\/2023_Stufenwechsel_2-796x1024.jpeg 796w, https:\/\/pfadfinder-kirchzarten.de\/wp-content\/uploads\/2023\/10\/2023_Stufenwechsel_2-233x300.jpeg 233w, https:\/\/pfadfinder-kirchzarten.de\/wp-content\/uploads\/2023\/10\/2023_Stufenwechsel_2-117x150.jpeg 117w, https:\/\/pfadfinder-kirchzarten.de\/wp-content\/uploads\/2023\/10\/2023_Stufenwechsel_2-768x989.jpeg 768w, https:\/\/pfadfinder-kirchzarten.de\/wp-content\/uploads\/2023\/10\/2023_Stufenwechsel_2-1193x1536.jpeg 1193w, https:\/\/pfadfinder-kirchzarten.de\/wp-content\/uploads\/2023\/10\/2023_Stufenwechsel_2.jpeg 1591w\" sizes=\"auto, (max-width: 796px) 100vw, 796px\" \/><\/figure>\n","protected":false},"excerpt":{"rendered":"<p>Vom 6.-8.10. fand unser diesj\u00e4hriges Stufenwechselwochenende im Naturfreundehaus Feldberg statt.Am Freitag begann das Wochenende, bei dem der ganze Stamm dabei war, mit einer Nachtwanderung \u00fcber den Feldberg. Am Samstagvormittag gab es verschiedene Workshops, es wurden T-Shirts bemalt, Abzeichen gestaltet und Pinatas gebastelt. Am Nachmittag wurde dann bei einem gro\u00dfen Gel\u00e4ndespiel der r\u00e4tselhafte Mord am Pfadfindergr\u00fcnder [&hellip;]<\/p>\n","protected":false},"author":3,"featured_media":5423,"comment_status":"open","ping_status":"closed","sticky":false,"template":"","format":"standard","meta":{"footnotes":""},"categories":[6],"tags":[4],"class_list":["post-4973","post","type-post","status-publish","format-standard","has-post-thumbnail","hentry","category-stufenwechselwochenende","tag-gewesen"],"_links":{"self":[{"href":"https:\/\/pfadfinder-kirchzarten.de\/index.php\/wp-json\/wp\/v2\/posts\/4973","targetHints":{"allow":["GET"]}}],"collection":[{"href":"https:\/\/pfadfinder-kirchzarten.de\/index.php\/wp-json\/wp\/v2\/posts"}],"about":[{"href":"https:\/\/pfadfinder-kirchzarten.de\/index.php\/wp-json\/wp\/v2\/types\/post"}],"author":[{"embeddable":true,"href":"https:\/\/pfadfinder-kirchzarten.de\/index.php\/wp-json\/wp\/v2\/users\/3"}],"replies":[{"embeddable":true,"href":"https:\/\/pfadfinder-kirchzarten.de\/index.php\/wp-json\/wp\/v2\/comments?post=4973"}],"version-history":[{"count":4,"href":"https:\/\/pfadfinder-kirchzarten.de\/index.php\/wp-json\/wp\/v2\/posts\/4973\/revisions"}],"predecessor-version":[{"id":5426,"href":"https:\/\/pfadfinder-kirchzarten.de\/index.php\/wp-json\/wp\/v2\/posts\/4973\/revisions\/5426"}],"wp:featuredmedia":[{"embeddable":true,"href":"https:\/\/pfadfinder-kirchzarten.de\/index.php\/wp-json\/wp\/v2\/media\/5423"}],"wp:attachment":[{"href":"https:\/\/pfadfinder-kirchzarten.de\/index.php\/wp-json\/wp\/v2\/media?parent=4973"}],"wp:term":[{"taxonomy":"category","embeddable":true,"href":"https:\/\/pfadfinder-kirchzarten.de\/index.php\/wp-json\/wp\/v2\/categories?post=4973"},{"taxonomy":"post_tag","embeddable":true,"href":"https:\/\/pfadfinder-kirchzarten.de\/index.php\/wp-json\/wp\/v2\/tags?post=4973"}],"curies":[{"name":"wp","href":"https:\/\/api.w.org\/{rel}","templated":true}]}}