{"id":5330,"date":"2023-07-27T17:46:40","date_gmt":"2023-07-27T15:46:40","guid":{"rendered":"https:\/\/pfadfinder-kirchzarten.de\/?p=5330"},"modified":"2023-07-27T17:46:40","modified_gmt":"2023-07-27T15:46:40","slug":"07-2023-neuer-erster-hilfe-rucksack","status":"publish","type":"post","link":"https:\/\/pfadfinder-kirchzarten.de\/index.php\/2023\/07\/27\/07-2023-neuer-erster-hilfe-rucksack\/","title":{"rendered":"07.2023 &#8211; Neuer Erster Hilfe Rucksack"},"content":{"rendered":"\n<p>Im vergangenen Monat konnten wir uns einen neuen Erste Hilfe Rucksack f\u00fcr unseren Stamm kaufen. Der Kauf wurde uns durch eine Geldspende eines Altpfadfinders aus Kirchzarten erm\u00f6glicht. Vielen herzlichen Dank an dieser Stelle!<\/p>\n\n\n\n<p>Der Rucksack ist vollgepackt mit Material f\u00fcr die erste Hilfe und speziell auf unsere Bed\u00fcrfnisse f\u00fcr Sommerlager und Outdooraktionen zugeschnitten. In der Hoffnung, dass dieser Rucksack selten zum Einsatz kommt, sind wir doch sehr froh ihn auf unseren Lagern und Fahrten als kleinen Schutzengel dabei zu haben.<\/p>\n\n\n\n<figure class=\"wp-block-image size-large\"><img loading=\"lazy\" decoding=\"async\" width=\"768\" height=\"1024\" src=\"https:\/\/pfadfinder-kirchzarten.de\/wp-content\/uploads\/2023\/07\/2023_Rucksack-768x1024.jpeg\" alt=\"\" class=\"wp-image-5331\" srcset=\"https:\/\/pfadfinder-kirchzarten.de\/wp-content\/uploads\/2023\/07\/2023_Rucksack-768x1024.jpeg 768w, https:\/\/pfadfinder-kirchzarten.de\/wp-content\/uploads\/2023\/07\/2023_Rucksack-225x300.jpeg 225w, https:\/\/pfadfinder-kirchzarten.de\/wp-content\/uploads\/2023\/07\/2023_Rucksack-113x150.jpeg 113w, https:\/\/pfadfinder-kirchzarten.de\/wp-content\/uploads\/2023\/07\/2023_Rucksack-1152x1536.jpeg 1152w, https:\/\/pfadfinder-kirchzarten.de\/wp-content\/uploads\/2023\/07\/2023_Rucksack.jpeg 1200w\" sizes=\"auto, (max-width: 768px) 100vw, 768px\" \/><\/figure>\n","protected":false},"excerpt":{"rendered":"<p>Im vergangenen Monat konnten wir uns einen neuen Erste Hilfe Rucksack f\u00fcr unseren Stamm kaufen. Der Kauf wurde uns durch eine Geldspende eines Altpfadfinders aus Kirchzarten erm\u00f6glicht. Vielen herzlichen Dank an dieser Stelle! Der Rucksack ist vollgepackt mit Material f\u00fcr die erste Hilfe und speziell auf unsere Bed\u00fcrfnisse f\u00fcr Sommerlager und Outdooraktionen zugeschnitten. In der [&hellip;]<\/p>\n","protected":false},"author":3,"featured_media":5332,"comment_status":"open","ping_status":"closed","sticky":false,"template":"","format":"standard","meta":{"footnotes":""},"categories":[1],"tags":[4],"class_list":["post-5330","post","type-post","status-publish","format-standard","has-post-thumbnail","hentry","category-sonstiges","tag-gewesen"],"_links":{"self":[{"href":"https:\/\/pfadfinder-kirchzarten.de\/index.php\/wp-json\/wp\/v2\/posts\/5330","targetHints":{"allow":["GET"]}}],"collection":[{"href":"https:\/\/pfadfinder-kirchzarten.de\/index.php\/wp-json\/wp\/v2\/posts"}],"about":[{"href":"https:\/\/pfadfinder-kirchzarten.de\/index.php\/wp-json\/wp\/v2\/types\/post"}],"author":[{"embeddable":true,"href":"https:\/\/pfadfinder-kirchzarten.de\/index.php\/wp-json\/wp\/v2\/users\/3"}],"replies":[{"embeddable":true,"href":"https:\/\/pfadfinder-kirchzarten.de\/index.php\/wp-json\/wp\/v2\/comments?post=5330"}],"version-history":[{"count":1,"href":"https:\/\/pfadfinder-kirchzarten.de\/index.php\/wp-json\/wp\/v2\/posts\/5330\/revisions"}],"predecessor-version":[{"id":5333,"href":"https:\/\/pfadfinder-kirchzarten.de\/index.php\/wp-json\/wp\/v2\/posts\/5330\/revisions\/5333"}],"wp:featuredmedia":[{"embeddable":true,"href":"https:\/\/pfadfinder-kirchzarten.de\/index.php\/wp-json\/wp\/v2\/media\/5332"}],"wp:attachment":[{"href":"https:\/\/pfadfinder-kirchzarten.de\/index.php\/wp-json\/wp\/v2\/media?parent=5330"}],"wp:term":[{"taxonomy":"category","embeddable":true,"href":"https:\/\/pfadfinder-kirchzarten.de\/index.php\/wp-json\/wp\/v2\/categories?post=5330"},{"taxonomy":"post_tag","embeddable":true,"href":"https:\/\/pfadfinder-kirchzarten.de\/index.php\/wp-json\/wp\/v2\/tags?post=5330"}],"curies":[{"name":"wp","href":"https:\/\/api.w.org\/{rel}","templated":true}]}}