{"id":6880,"date":"2025-11-18T19:16:24","date_gmt":"2025-11-18T18:16:24","guid":{"rendered":"https:\/\/pfadfinder-kirchzarten.de\/?p=6880"},"modified":"2025-12-22T14:23:39","modified_gmt":"2025-12-22T13:23:39","slug":"16-11-2025-bastelnachmittag-mit-minis","status":"publish","type":"post","link":"https:\/\/pfadfinder-kirchzarten.de\/index.php\/2025\/11\/18\/16-11-2025-bastelnachmittag-mit-minis\/","title":{"rendered":"16.11.2025 &#8211; Bastelnachmittag mit den Minis"},"content":{"rendered":"\n<p>Am Sonntag fand unsere erste gemeinsame Aktion mit den Ministranten statt. Eingeladen war auch der Kinderchor. An f\u00fcnf verschiedenen Stationen konnten die Kinder basteln, spielen und Pl\u00e4tzchen backen. Die gebastelten Sachen werden von uns vor dem Friedenslichtgottesdienst verkauft. Alle hatten viel Spa\u00df und wir freuen uns schon auf weitere gemeinsame Aktionen mit den Ministranten.<\/p>\n","protected":false},"excerpt":{"rendered":"<p>Am Sonntag fand unsere erste gemeinsame Aktion mit den Ministranten statt. Eingeladen war auch der Kinderchor. An f\u00fcnf verschiedenen Stationen konnten die Kinder basteln, spielen und Pl\u00e4tzchen backen. Die gebastelten Sachen werden von uns vor dem Friedenslichtgottesdienst verkauft. Alle hatten viel Spa\u00df und wir freuen uns schon auf weitere gemeinsame Aktionen mit den Ministranten.<\/p>\n","protected":false},"author":3,"featured_media":6881,"comment_status":"open","ping_status":"closed","sticky":false,"template":"","format":"standard","meta":{"footnotes":""},"categories":[1],"tags":[4],"class_list":["post-6880","post","type-post","status-publish","format-standard","has-post-thumbnail","hentry","category-sonstiges","tag-gewesen"],"_links":{"self":[{"href":"https:\/\/pfadfinder-kirchzarten.de\/index.php\/wp-json\/wp\/v2\/posts\/6880","targetHints":{"allow":["GET"]}}],"collection":[{"href":"https:\/\/pfadfinder-kirchzarten.de\/index.php\/wp-json\/wp\/v2\/posts"}],"about":[{"href":"https:\/\/pfadfinder-kirchzarten.de\/index.php\/wp-json\/wp\/v2\/types\/post"}],"author":[{"embeddable":true,"href":"https:\/\/pfadfinder-kirchzarten.de\/index.php\/wp-json\/wp\/v2\/users\/3"}],"replies":[{"embeddable":true,"href":"https:\/\/pfadfinder-kirchzarten.de\/index.php\/wp-json\/wp\/v2\/comments?post=6880"}],"version-history":[{"count":2,"href":"https:\/\/pfadfinder-kirchzarten.de\/index.php\/wp-json\/wp\/v2\/posts\/6880\/revisions"}],"predecessor-version":[{"id":6883,"href":"https:\/\/pfadfinder-kirchzarten.de\/index.php\/wp-json\/wp\/v2\/posts\/6880\/revisions\/6883"}],"wp:featuredmedia":[{"embeddable":true,"href":"https:\/\/pfadfinder-kirchzarten.de\/index.php\/wp-json\/wp\/v2\/media\/6881"}],"wp:attachment":[{"href":"https:\/\/pfadfinder-kirchzarten.de\/index.php\/wp-json\/wp\/v2\/media?parent=6880"}],"wp:term":[{"taxonomy":"category","embeddable":true,"href":"https:\/\/pfadfinder-kirchzarten.de\/index.php\/wp-json\/wp\/v2\/categories?post=6880"},{"taxonomy":"post_tag","embeddable":true,"href":"https:\/\/pfadfinder-kirchzarten.de\/index.php\/wp-json\/wp\/v2\/tags?post=6880"}],"curies":[{"name":"wp","href":"https:\/\/api.w.org\/{rel}","templated":true}]}}